{"id":4103,"date":"2022-12-29T10:53:26","date_gmt":"2022-12-29T10:53:26","guid":{"rendered":"https:\/\/cabowork.com\/?p=4103"},"modified":"2022-12-29T10:52:52","modified_gmt":"2022-12-29T11:52:52","slug":"candidaturas-para-a-bolsa-cabo-verde-digital","status":"publish","type":"post","link":"https:\/\/cabowork.com\/pt-pt\/candidaturas-para-a-bolsa-cabo-verde-digital\/","title":{"rendered":"Candidaturas para a Bolsa Cabo Verde Digital abertas at\u00e9 23 de Janeiro"},"content":{"rendered":"<h3 class=\"p2\"><span class=\"s1\"><b><i>\u201cA transforma\u00e7\u00e3o digital de Cabo Verde \u00e9 a nossa prioridade\u201d.<\/i><\/b><\/span><\/h3>\n<p>Milton Cabral \u2013 Cabo Verde Digital<\/p>\n<p class=\"p1\">A Bolsa Cabo Verde Digital apresenta n\u00fameros bastante animadores. Em tr\u00eas edi\u00e7\u00f5es do programa j\u00e1 realizados, cerca de 150 jovens e 83 projetos j\u00e1 foram agraciados com o apoio financeiro da<b> CV Digital<\/b> e a ideia \u00e9 <span class=\"s2\">apoiar pelo menos mais cem jovens em 2023<\/span>, com mais duas edi\u00e7\u00f5es do programa previstas para o ano que se avizinha.<\/p>\n<p class=\"p1\">Cabral alerta os e as jovens para a necessidade de organizar de forma clara os seus processos de candidatura, tendo notado que esse \u00e9 a maior lacuna nos cerca de 420 projetos j\u00e1 submetidos, que envolvem cerca de 600 <a href=\"https:\/\/cabowork.com\/pt-pt\/jovens-empreendedorismo-cabo-verde-pro-empresa\/\" target=\"_blank\" rel=\"noopener\">jovens empreendedores<\/a> e empreendedoras.<\/p>\n<h3><strong>Dicas para a candidatura \u00e0 Bolsa Cabo Verde Digital<\/strong><\/h3>\n<figure id=\"attachment_4091\" aria-describedby=\"caption-attachment-4091\" style=\"width: 890px\" class=\"wp-caption alignnone\"><img decoding=\"async\" class=\"size-full wp-image-4091\" src=\"https:\/\/cabowork.com\/wp-content\/uploads\/2022\/12\/Bolsa-Cabo-Verde-Digital.jpg\" alt=\"Bolsa Cabo Verde Digital 2023\" width=\"890\" height=\"876\" srcset=\"https:\/\/cabowork.com\/wp-content\/uploads\/2022\/12\/Bolsa-Cabo-Verde-Digital.jpg 890w, https:\/\/cabowork.com\/wp-content\/uploads\/2022\/12\/Bolsa-Cabo-Verde-Digital-300x295.jpg 300w, https:\/\/cabowork.com\/wp-content\/uploads\/2022\/12\/Bolsa-Cabo-Verde-Digital-768x756.jpg 768w\" sizes=\"(max-width: 890px) 100vw, 890px\" \/><figcaption id=\"caption-attachment-4091\" class=\"wp-caption-text\">Candidatura Oficial |\u00a9Cabo Verde Digital<\/figcaption><\/figure>\n<p class=\"p1\"><i>\u201cO que n\u00f3s notamos \u00e9 que, muitas vezes, as ideias ou solu\u00e7\u00f5es apresentadas s\u00e3o muito interessantes, mas falham na reda\u00e7\u00e3o e na organiza\u00e7\u00e3o e exposi\u00e7\u00e3o das ideias. Aconselho os e as jovens a dedicar algum tempo a responder aos question\u00e1rios colocados nos formul\u00e1rios de candidatura, para que estejam melhor explicadas, assim como as propostas de valores apresentados\u201d<\/i>, sugere.<\/p>\n<p class=\"p1\">Al\u00e9m do Programa Bolsa Cabo Verde Digital, que conta com o financiamento do <b>Governo de Cabo Verde<\/b>, entre outras organiza\u00e7\u00f5es p\u00fablicas e privadas, a Cabo Verde Digital disp\u00f5e de v\u00e1rios outros programas que apoiam o empreendedorismo jovem, com destaque para projetos de base tecnol\u00f3gica e desenvolvimento de capacidades.<\/p>\n<p class=\"p1\">O programa <b>Go Global<\/b>, que j\u00e1 vai na quarta edi\u00e7\u00e3o, tem como objetivo principal selecionar<a href=\"https:\/\/cabowork.com\/pt-pt\/quadros-cabo-verdianos-oportunidades-exterior\/\" target=\"_blank\" rel=\"noopener\"> startups cabo-verdianas inovadoras<\/a> para participar em confer\u00eancias al\u00e9m-fronteiras, garantindo-lhes maior visibilidade e possibilidade de internacionaliza\u00e7\u00e3o.<\/p>\n<p class=\"p1\">J\u00e1 o <b>Kod\u00ea Verde<\/b> promove a forma\u00e7\u00e3o em programa\u00e7\u00e3o e tamb\u00e9m a aprendizagem de compet\u00eancias digitais.<\/p>\n<figure id=\"attachment_4094\" aria-describedby=\"caption-attachment-4094\" style=\"width: 461px\" class=\"wp-caption alignnone\"><img decoding=\"async\" class=\"size-large wp-image-4094\" src=\"https:\/\/cabowork.com\/wp-content\/uploads\/2022\/12\/Cabo-Verde-Digital-Acceleration-461x1024.jpg\" alt=\"Acelera\u00e7\u00e3o Digital Cape Verde\" width=\"461\" height=\"1024\" srcset=\"https:\/\/cabowork.com\/wp-content\/uploads\/2022\/12\/Cabo-Verde-Digital-Acceleration-461x1024.jpg 461w, https:\/\/cabowork.com\/wp-content\/uploads\/2022\/12\/Cabo-Verde-Digital-Acceleration-135x300.jpg 135w, https:\/\/cabowork.com\/wp-content\/uploads\/2022\/12\/Cabo-Verde-Digital-Acceleration-691x1536.jpg 691w, https:\/\/cabowork.com\/wp-content\/uploads\/2022\/12\/Cabo-Verde-Digital-Acceleration.jpg 720w\" sizes=\"(max-width: 461px) 100vw, 461px\" \/><figcaption id=\"caption-attachment-4094\" class=\"wp-caption-text\">\u00a9Cabo Verde Digital<\/figcaption><\/figure>\n<p class=\"p1\"><i>\u201cTodos estes programas e projetos acontecem em paralelo com o conjunto de iniciativas v\u00e1rias enquadradas na din\u00e2mica da transforma\u00e7\u00e3o digital de Cabo Verde\u201d<\/i>, garante Milton Cabral.<\/p>\n<p class=\"p1\">Para te <span class=\"s2\">candidatares \u00e0 Bolsa Cabo Verde Digital<\/span> basta aceder a este <a href=\"https:\/\/www.digital.cv\/bolsa\" target=\"_blank\" rel=\"noopener\"><span class=\"s3\">link<\/span><\/a> e preencher o formul\u00e1rio at\u00e9 ao pr\u00f3ximo dia <b>22 de janeiro<\/b>.<span class=\"Apple-converted-space\">\u00a0<\/span><\/p>\n","protected":false},"excerpt":{"rendered":"<p>\u201cA transforma\u00e7\u00e3o digital de Cabo Verde \u00e9 a nossa prioridade\u201d. Milton Cabral \u2013 Cabo Verde Digital A Bolsa Cabo Verde Digital apresenta n\u00fameros bastante animadores. Em tr\u00eas edi\u00e7\u00f5es do programa j\u00e1 realizados, cerca de 150 jovens e 83 projetos j\u00e1 foram agraciados com o apoio financeiro da CV Digital e a ideia \u00e9 apoiar pelo [&hellip;]<\/p>\n","protected":false},"author":1,"featured_media":4101,"comment_status":"open","ping_status":"open","sticky":false,"template":"","format":"standard","meta":{"_acf_changed":false,"footnotes":""},"categories":[10],"tags":[],"class_list":["post-4103","post","type-post","status-publish","format-standard","has-post-thumbnail","hentry","category-sem-categoria"],"acf":{"introduction":"<p class=\"p1\"><b>Milton Cabral<\/b>, que concedeu uma entrevista exclusiva ao Cabo Work, faz um balan\u00e7o positivo do apoio que tem sido concedido \u00e0s startups e aos e \u00e0s jovens empreendedores de Cabo Verde, atrav\u00e9s da <b>Cabo Verde Digital<\/b>, no sentido de promover a transforma\u00e7\u00e3o digital deste pa\u00eds insular.<\/p>\r\n<p class=\"p1\">A <b>Bolsa Cabo Verde Digital<\/b> \u00e9 um dos programas criados com esse objetivo e tem candidaturas abertas at\u00e9 <span class=\"s2\"><b>22 de janeiro de 2023<\/b><\/span>, para acolher projeto inovadores com base tecnol\u00f3gica que apresentem solu\u00e7\u00f5es disruptivas capazes de resolver os problemas das pessoas e das empresas nacionais.<\/p>","key_takeaways":"","instagram-code":"","youtube-url":"","faqs":null,"enter_summary_here":""},"_links":{"self":[{"href":"https:\/\/cabowork.com\/pt-pt\/wp-json\/wp\/v2\/posts\/4103","targetHints":{"allow":["GET"]}}],"collection":[{"href":"https:\/\/cabowork.com\/pt-pt\/wp-json\/wp\/v2\/posts"}],"about":[{"href":"https:\/\/cabowork.com\/pt-pt\/wp-json\/wp\/v2\/types\/post"}],"author":[{"embeddable":true,"href":"https:\/\/cabowork.com\/pt-pt\/wp-json\/wp\/v2\/users\/1"}],"replies":[{"embeddable":true,"href":"https:\/\/cabowork.com\/pt-pt\/wp-json\/wp\/v2\/comments?post=4103"}],"version-history":[{"count":3,"href":"https:\/\/cabowork.com\/pt-pt\/wp-json\/wp\/v2\/posts\/4103\/revisions"}],"predecessor-version":[{"id":4106,"href":"https:\/\/cabowork.com\/pt-pt\/wp-json\/wp\/v2\/posts\/4103\/revisions\/4106"}],"wp:featuredmedia":[{"embeddable":true,"href":"https:\/\/cabowork.com\/pt-pt\/wp-json\/wp\/v2\/media\/4101"}],"wp:attachment":[{"href":"https:\/\/cabowork.com\/pt-pt\/wp-json\/wp\/v2\/media?parent=4103"}],"wp:term":[{"taxonomy":"category","embeddable":true,"href":"https:\/\/cabowork.com\/pt-pt\/wp-json\/wp\/v2\/categories?post=4103"},{"taxonomy":"post_tag","embeddable":true,"href":"https:\/\/cabowork.com\/pt-pt\/wp-json\/wp\/v2\/tags?post=4103"}],"curies":[{"name":"wp","href":"https:\/\/api.w.org\/{rel}","templated":true}]}}